{"id":1607,"date":"2024-05-07T16:38:42","date_gmt":"2024-05-07T19:38:42","guid":{"rendered":"https:\/\/pcetmalur.edu.uy\/?p=1607"},"modified":"2024-05-07T16:38:42","modified_gmt":"2024-05-07T19:38:42","slug":"invitacion-a-jornada-en-el-marco-del-dia-mundial-de-la-seguridad-y-la-salud-en-el-trabajo-2","status":"publish","type":"post","link":"https:\/\/pcetmalur.edu.uy\/portal\/invitacion-a-jornada-en-el-marco-del-dia-mundial-de-la-seguridad-y-la-salud-en-el-trabajo-2\/","title":{"rendered":"Invitaci\u00f3n a Jornada en el marco del D\u00eda Mundial de la Seguridad y la Salud en el Trabajo"},"content":{"rendered":"\n<p class=\"has-text-align-center\"><strong>Jueves 16 de mayo<\/strong> <strong>de 202<\/strong>4<\/p>\n\n\n\n<p class=\"has-text-align-left\">La Comisi\u00f3n Permanente de Procesos y Condiciones de Estudio, Trabajo y Medio Ambiente Laboral en la Universidad de la Rep\u00fablica (PCET-MALUR) tiene el agrado de invitarles a participar de la Jornada que realizar\u00e1 en el marco del \u201cD\u00eda Mundial de la Seguridad y la Salud en el Trabajo\u201d bajo el lema:<\/p>\n\n\n\n<p class=\"has-text-align-center\"><strong>\u201c<em><strong>Repercusiones del cambio clim\u00e1tico en la seguridad y la salud en el trabajo\u201d<\/strong><\/em><\/strong><\/p>\n\n\n\n<p>PROGRAMA DE ACTIVIDADES<\/p>\n\n\n\n<figure class=\"wp-block-table\"><table><tbody><tr><td><strong>08:30-09:00<\/strong>                          <\/td><td><strong>Acreditaciones.<\/strong><\/td><\/tr><tr><td><strong>09:00-09:20<\/strong><\/td><td><strong>Palabras de Apertura. I<\/strong>ntegrante Comisi\u00f3n PCET-MALUR, Sr. Pro Rector de Gesti\u00f3n Administrativa Dr. Luis Leopold.<\/td><\/tr><tr><td><strong>09:20-11:00<\/strong><\/td><td><strong>Mesa Redonda:<\/strong> <br>Dra. Erna Frins: <em>\u201cF\u00edsica del medio ambiente: aportes para una mejor calidad de vida\u201d<\/em><br><br>Dra. Mariana Guirado: <em>\u201cEnfermedades infecciosas en relaci\u00f3n al cambio clim\u00e1tico\u201d<\/em> <br><br>Dr. Mauricio Ceroni: \u00ab<em>Impactos del calentamiento global sobre el mundo del trabajo<\/em>\u00bb <br><br>Prof. Fernando Tomasina: <em>\u201cCambio clim\u00e1tico\/impacto en la cymat\u201d<\/em> <br><br>Dra. Yester Basmadjian: <em>\u201cCambio clim\u00e1tico y nuevos escenarios esperables vinculados a vectores\u201d<\/em><\/td><\/tr><tr><td><strong>11:00-11:20<\/strong><\/td><td><strong>Corte<\/strong><\/td><\/tr><tr><td><strong>11:20-11:40<\/strong><\/td><td>\u00c1rea Salud de la Comunidad Universitaria:<em> \u201c<\/em><em>Rol de la Seguridad y la Salud en el trabajo, en un clima cambiante\u201d<\/em><\/td><\/tr><tr><td><strong>11:40-12:00<\/strong><\/td><td><strong>Espacio de Intercambio<\/strong><\/td><\/tr><\/tbody><\/table><\/figure>\n\n\n\n<p><strong>LUGAR: Sal\u00f3n 26 de Facultad de Derecho de modalidad presencial para residentes en Montevideo y por plataforma ZOOM para residentes en el Interior.<\/strong><\/p>\n\n\n\n<p>Los interesados podr\u00e1n <strong>realizar su inscripci\u00f3n <\/strong>a trav\u00e9s del siguiente formulario:<\/p>\n\n\n\n<p><a href=\"https:\/\/docs.google.com\/forms\/d\/e\/1FAIpQLSedqcICK7zE-BIpVvSayZlZV5LCmpoduwe8LRffDocmtHgwLQ\/viewform?usp=sf_link\">FORMULARIO (click aqu\u00ed)<\/a><\/p>\n\n\n\n<p><strong>IMPORTANTE: <\/strong><strong>Los interesados residentes en el Interior deber\u00e1n solicitar link de plataforma ZOOM a: pcetmalur@udelar.edu.uy<\/strong><strong>.<\/strong><\/p>\n","protected":false},"excerpt":{"rendered":"<p>Jueves 16 de mayo de 2024 La Comisi\u00f3n Permanente de Procesos y Condiciones de Estudio, Trabajo y Medio Ambiente Laboral en la Universidad de la Rep\u00fablica (PCET-MALUR) tiene el agrado de invitarles a participar de la Jornada que realizar\u00e1 en el marco del \u201cD\u00eda Mundial de la Seguridad y la Salud en el Trabajo\u201d bajo el lema: \u201cRepercusiones del cambio [&hellip;]<\/p>\n","protected":false},"author":1698,"featured_media":0,"comment_status":"closed","ping_status":"closed","sticky":false,"template":"","format":"standard","meta":{"footnotes":""},"categories":[8,1],"tags":[],"class_list":["post-1607","post","type-post","status-publish","format-standard","hentry","category-actividades","category-novedades"],"_links":{"self":[{"href":"https:\/\/pcetmalur.edu.uy\/portal\/wp-json\/wp\/v2\/posts\/1607","targetHints":{"allow":["GET"]}}],"collection":[{"href":"https:\/\/pcetmalur.edu.uy\/portal\/wp-json\/wp\/v2\/posts"}],"about":[{"href":"https:\/\/pcetmalur.edu.uy\/portal\/wp-json\/wp\/v2\/types\/post"}],"author":[{"embeddable":true,"href":"https:\/\/pcetmalur.edu.uy\/portal\/wp-json\/wp\/v2\/users\/1698"}],"replies":[{"embeddable":true,"href":"https:\/\/pcetmalur.edu.uy\/portal\/wp-json\/wp\/v2\/comments?post=1607"}],"version-history":[{"count":1,"href":"https:\/\/pcetmalur.edu.uy\/portal\/wp-json\/wp\/v2\/posts\/1607\/revisions"}],"predecessor-version":[{"id":1608,"href":"https:\/\/pcetmalur.edu.uy\/portal\/wp-json\/wp\/v2\/posts\/1607\/revisions\/1608"}],"wp:attachment":[{"href":"https:\/\/pcetmalur.edu.uy\/portal\/wp-json\/wp\/v2\/media?parent=1607"}],"wp:term":[{"taxonomy":"category","embeddable":true,"href":"https:\/\/pcetmalur.edu.uy\/portal\/wp-json\/wp\/v2\/categories?post=1607"},{"taxonomy":"post_tag","embeddable":true,"href":"https:\/\/pcetmalur.edu.uy\/portal\/wp-json\/wp\/v2\/tags?post=1607"}],"curies":[{"name":"wp","href":"https:\/\/api.w.org\/{rel}","templated":true}]}}