{"id":1684,"date":"2025-06-18T18:05:50","date_gmt":"2025-06-18T21:05:50","guid":{"rendered":"https:\/\/pcetmalur.edu.uy\/portal\/?p=1684"},"modified":"2025-06-18T18:06:14","modified_gmt":"2025-06-18T21:06:14","slug":"llamado-2025-a-propuestas-de-mejoramiento-de-las-condiciones-generales-de-trabajo-y-estudio-desde-un-enfoque-de-salud-y-seguridad","status":"publish","type":"post","link":"https:\/\/pcetmalur.edu.uy\/portal\/llamado-2025-a-propuestas-de-mejoramiento-de-las-condiciones-generales-de-trabajo-y-estudio-desde-un-enfoque-de-salud-y-seguridad\/","title":{"rendered":"Llamado 2025 a \u00abPropuestas de mejoramiento de las condiciones generales de trabajo y estudio desde un enfoque de salud y seguridad\u00bb"},"content":{"rendered":"\n<p>Cierre del llamado viernes 15 de agosto a las 23:59hs.<\/p>\n\n\n\n<figure class=\"wp-block-table\"><table><tbody><tr><td><img loading=\"lazy\" decoding=\"async\" width=\"61\" height=\"67\" src=\"http:\/\/www.expe.edu.uy\/expe\/resoluci.nsf\/logo%20udelar.jpg?OpenImageResource\"><\/td><td>\ufeff<\/td><td>EL CONSEJO DELEGADO DE GESTI\u00d3N DE LA UNIVERSIDAD DE LA REP\u00daBLICA EN SESI\u00d3N ORDINARIA DE FECHA 16 DE JUNIO DE 2025,<\/td><\/tr><\/tbody><\/table><\/figure>\n\n\n\n<figure class=\"wp-block-table\"><table><tbody><tr><td>(Exp.\u00a0<a href=\"001014-000004-25\">001014-000004-25<\/a>) &#8211; Atento a lo propuesto por la Comisi\u00f3n Permanente de Procesos y Condiciones de Estudio, Trabajo y Medio Ambiente Laboral de la Universidad de la Rep\u00fablica (PCET &#8211; MALUR), al aval del Se\u00f1or Prorrector de Gesti\u00f3n y al informe favorable sobre disponibilidad:<br>1. Aprobar las bases para la realizaci\u00f3n del llamado a \u00abPropuestas de mejoramiento de las condiciones generales de trabajo y estudio desde un enfoque de salud y seguridad\u00bb, cuyo texto y antecedentes lucen en el distribuido N\u00ba 1044.25.<br>2. Autorizar la realizaci\u00f3n del llamado respectivo y que la convocatoria permanezca abierta por 60 d\u00edas corridos desde su aprobaci\u00f3n.<br>\u00a0\u00a0 \u00a0\u00a0\u00a0 \u00a0\u00a0\u00a0 \u00a0\u00a0\u00a0 \u00a0(5 en 5 &#8211; retiro de Sala: Funcionarios TAS; Brenda Vietro)<\/td><\/tr><\/tbody><\/table><\/figure>\n\n\n\n<div class=\"wp-block-file\"><a id=\"wp-block-file--media-90475ab6-269b-4f86-95d7-b57d55c600f3\" href=\"https:\/\/pcetmalur.edu.uy\/portal\/wp-content\/uploads\/sites\/15\/2025\/06\/Bases-2025.pdf\">Bases-2025<\/a><a href=\"https:\/\/pcetmalur.edu.uy\/portal\/wp-content\/uploads\/sites\/15\/2025\/06\/Bases-2025.pdf\" class=\"wp-block-file__button wp-element-button\" download aria-describedby=\"wp-block-file--media-90475ab6-269b-4f86-95d7-b57d55c600f3\">Descarga<\/a><\/div>\n\n\n\n<div class=\"wp-block-file\"><a id=\"wp-block-file--media-2f605ec5-df7f-4642-b379-b842fd837d53\" href=\"https:\/\/pcetmalur.edu.uy\/portal\/wp-content\/uploads\/sites\/15\/2025\/06\/Instructivo-2025.pdf\">Instructivo-2025<\/a><a href=\"https:\/\/pcetmalur.edu.uy\/portal\/wp-content\/uploads\/sites\/15\/2025\/06\/Instructivo-2025.pdf\" class=\"wp-block-file__button wp-element-button\" download aria-describedby=\"wp-block-file--media-2f605ec5-df7f-4642-b379-b842fd837d53\">Descarga<\/a><\/div>\n\n\n\n<p><a href=\"https:\/\/formularios.pcetmalur.edu.uy\/pcetmalur2025\">https:\/\/formularios.pcetmalur.edu.uy\/pcetmalur2025<\/a><\/p>\n\n\n\n<p>El Formulario de ejecuci\u00f3n de propuestas, es para todos aquellos responsables de propuestas aprobadas en ediciones pasadas que no participen de sucesivas ediciones. Los interesados deber\u00e1n llenarlo con la informaci\u00f3n solicitada y enviarlo a pcetmalur@udelar.edu.uy<\/p>\n","protected":false},"excerpt":{"rendered":"<p>Cierre del llamado viernes 15 de agosto a las 23:59hs. \ufeff EL CONSEJO DELEGADO DE GESTI\u00d3N DE LA UNIVERSIDAD DE LA REP\u00daBLICA EN SESI\u00d3N ORDINARIA DE FECHA 16 DE JUNIO DE 2025, (Exp.\u00a0001014-000004-25) &#8211; Atento a lo propuesto por la Comisi\u00f3n Permanente de Procesos y Condiciones de Estudio, Trabajo y Medio Ambiente Laboral de la Universidad de la Rep\u00fablica (PCET [&hellip;]<\/p>\n","protected":false},"author":1698,"featured_media":0,"comment_status":"closed","ping_status":"closed","sticky":false,"template":"","format":"standard","meta":{"footnotes":""},"categories":[7,1],"tags":[],"class_list":["post-1684","post","type-post","status-publish","format-standard","hentry","category-llamadopcetmalur","category-novedades"],"_links":{"self":[{"href":"https:\/\/pcetmalur.edu.uy\/portal\/wp-json\/wp\/v2\/posts\/1684","targetHints":{"allow":["GET"]}}],"collection":[{"href":"https:\/\/pcetmalur.edu.uy\/portal\/wp-json\/wp\/v2\/posts"}],"about":[{"href":"https:\/\/pcetmalur.edu.uy\/portal\/wp-json\/wp\/v2\/types\/post"}],"author":[{"embeddable":true,"href":"https:\/\/pcetmalur.edu.uy\/portal\/wp-json\/wp\/v2\/users\/1698"}],"replies":[{"embeddable":true,"href":"https:\/\/pcetmalur.edu.uy\/portal\/wp-json\/wp\/v2\/comments?post=1684"}],"version-history":[{"count":1,"href":"https:\/\/pcetmalur.edu.uy\/portal\/wp-json\/wp\/v2\/posts\/1684\/revisions"}],"predecessor-version":[{"id":1688,"href":"https:\/\/pcetmalur.edu.uy\/portal\/wp-json\/wp\/v2\/posts\/1684\/revisions\/1688"}],"wp:attachment":[{"href":"https:\/\/pcetmalur.edu.uy\/portal\/wp-json\/wp\/v2\/media?parent=1684"}],"wp:term":[{"taxonomy":"category","embeddable":true,"href":"https:\/\/pcetmalur.edu.uy\/portal\/wp-json\/wp\/v2\/categories?post=1684"},{"taxonomy":"post_tag","embeddable":true,"href":"https:\/\/pcetmalur.edu.uy\/portal\/wp-json\/wp\/v2\/tags?post=1684"}],"curies":[{"name":"wp","href":"https:\/\/api.w.org\/{rel}","templated":true}]}}